{"id":834,"date":"2013-03-25T19:02:32","date_gmt":"2013-03-25T17:02:32","guid":{"rendered":"http:\/\/engel-wolf.com\/?p=834"},"modified":"2019-10-26T23:11:54","modified_gmt":"2019-10-26T21:11:54","slug":"eine-woche-in-strasburg","status":"publish","type":"post","link":"https:\/\/engel-wolf.com\/?p=834","title":{"rendered":"Eine Woche in Stra\u00dfburg"},"content":{"rendered":"<p>Jetzt war ich f\u00fcr eine Woche in der wundersch\u00f6nen Stadt Strasbourg im Elsass. Matthias wohnt dort um sein Studium zu vollenden und konnte mir dadurch ein Dach \u00fcber dem Kopf bieten. In der N\u00e4he der Heineken Brauerei Schiltigheim ging uns nie das Bier aus und der Weg zum Europaparlament und zum OrangeriePark war nicht weit.<\/p>\n<p>Am Montag erkundete ich so die Stadt und erfreute mich an den h\u00fcbschen kleinen Fachwerkh\u00e4usern und dem gro\u00dfartigen M\u00fcnster, dessen Gr\u00f6\u00dfe und angebliche Rosa Farbe das Stadtbild doch sehr bestimmen. Abends gab es leckere Artichocken, auch wenn die Saison so langsam vorbei ist.<\/p>\n<p>Am Dienstag haben wir ein wunderbares Abendessen in der Innenstadt genossen. Neben dem unglaublich fettigen Eisbein, gab es einen Pinot Noir aus dem Elsass und zur Vorspeise gebratenes Knochenmark. Eine echte Delikatesse! Um den Abend ausklingen zu lassen durfte eine Weinbar herhalten.<\/p>\n<p>Mittwoch waren wir in Colmar. Die Anreise dorthin war \u00e4u\u00dferst unterhaltsam, da sich das Getriebe unserer Mitfahrgelegenheit auf halber Strecke erledigte, wir aber zum nah genug bei einem Bahnhof waren, um doch noch g\u00fctlich nach Colmar zu gelangen. Dort kann man vor allem die winzig kleine, aber sehr sch\u00f6ne Altstadt bewundern. Selbst das M\u00fcnster in Colmar ist niedlich gegen\u00fcber dem M\u00fcnster in Strasbourg. Eine Weinbar ausfindig zu machen erwies sich dann jedoch als schwierig, gelang den Meistern der Kunst allerdings.<\/p>\n<p>Donnerstag, Freitag, Samstag, Sonntag &#8211; Stadt angucken, Wochenende genie\u00dfen, viel Essen. Tanzen. Am Sonntag machten wir noch eine ganz gem\u00fctliche Bootstour. Hierbei ist jedem das Programm Nummer 12 mit einer Kindergeschichte \u00fcber Stra\u00dfburg ans Herz zu legen, da das eigentliche Programm kaum ertr\u00e4glich ist. Alles zusammen folgt gleich in dieser \u00fcbersichtlichen Liste, die allen ein kleiner Guide f\u00fcr einen Besuch in Strasbourg sein soll:<\/p>\n<table style=\"width: 100%; font-size: 10px; border: 0px;\" cellspacing=\"0\" cellpadding=\"0\" border=\"0\" align=\"left\">\n<tbody>\n<tr>\n<td style=\"border: 0px;\"><strong>Was man sehen muss!&nbsp;<\/strong><\/td>\n<td style=\"border: 0px;\">&nbsp;<strong><em>to be visited<\/em><\/strong><\/td>\n<\/tr>\n<tr>\n<td>Stra\u00dfburger M\u00fcnster<\/td>\n<td>place de la cathedrale<\/td>\n<\/tr>\n<tr>\n<td>Stra\u00dfburg Pass (14\u20ac)<\/td>\n<td>Bootsfahrt, Museum, Turmaufstieg, Fahrrad inklusive<\/td>\n<\/tr>\n<tr>\n<td>Petite France<\/td>\n<td>1 Quai Turckheim<\/td>\n<\/tr>\n<tr>\n<td>Place du March\u00e9<\/td>\n<td>&nbsp;<\/td>\n<\/tr>\n<tr>\n<td>Europaparlament und Parc d&#8217;Orangerie<\/td>\n<td>Tram E, Droits de l&#8217;Homme<\/td>\n<\/tr>\n<tr>\n<td>Gare Central<\/td>\n<td>&nbsp;<\/td>\n<\/tr>\n<tr>\n<td style=\"border: 0px;\"><strong>Welche Bars?&nbsp;<\/strong><\/td>\n<td style=\"border: 0px;\">&nbsp;<strong><em>Which Bars?&nbsp;<\/em><\/strong><\/td>\n<\/tr>\n<tr>\n<td>Salon de Th\u00e9 Grand Rue<\/td>\n<td>80 Grand Rue<\/td>\n<\/tr>\n<tr>\n<td>Trolleybus<\/td>\n<td>14 Rue Sainte-Barbe<\/td>\n<\/tr>\n<tr>\n<td>L&#8217;Abbatoir<\/td>\n<td>1 Quai Charles Altorffer<\/td>\n<\/tr>\n<tr>\n<td>Le Corde \u00e0 Linger (15-19h)<\/td>\n<td>2 Place Benjamin Zix<\/td>\n<\/tr>\n<tr>\n<td>Les Savons des H\u00e8lens<\/td>\n<td>2 Rue de Savon<\/td>\n<\/tr>\n<tr>\n<td>Le Living Romm<\/td>\n<td>11 Rue des Balayeurs<\/td>\n<\/tr>\n<tr>\n<td>Le Giraf&#8217; Caf\u00e9<\/td>\n<td>6 Place Saint-Nicolas aux Ondes<\/td>\n<\/tr>\n<tr>\n<td>Terres \u00e0 Vin des Villes<\/td>\n<td>1 Rue du Miroire<\/td>\n<\/tr>\n<tr>\n<td style=\"border: 0px;\"><strong>Welche Restaurants?<\/strong><\/td>\n<td style=\"border: 0px;\"><strong><em>Which Restaurants<\/em><\/strong><\/td>\n<\/tr>\n<tr>\n<td>Tire Bouchon<\/td>\n<td>5 Rue des Tailleurs de Pierre<\/td>\n<\/tr>\n<tr>\n<td>Flam&#8217;s<\/td>\n<td>29 Rue des Fr\u00e8res<\/td>\n<\/tr>\n<tr>\n<td>L&#8217;Eveil des sens<\/td>\n<td>Rue des Dentelles<\/td>\n<\/tr>\n<tr>\n<td>Grill Istanbul<\/td>\n<td>98 Grand Rue<\/td>\n<\/tr>\n<tr>\n<td style=\"border: 0px;\"><strong>Welche L\u00e4den?<\/strong><\/td>\n<td style=\"border: 0px;\"><em><strong>Which Shops?<\/strong><\/em><\/td>\n<\/tr>\n<tr>\n<td>Cr\u00e9merie Perrin Jean<\/td>\n<td>20 Rue Austerlitz<\/td>\n<\/tr>\n<tr>\n<td>Declinaison Chocolat<\/td>\n<td>105 Grand Rue<\/td>\n<\/tr>\n<tr>\n<td>Simply Market<\/td>\n<td>47 Rue des Grandes Arcades<\/td>\n<\/tr>\n<tr>\n<td>Wochenmarkt<\/td>\n<td>Rue du Vieux March\u00e9 des Poissons<a href=\"https:\/\/maps.google.de\/maps\/place?ftid=0x4796c8531f7c836d:0xe62639c7adef8b7&amp;q=March%C3%A9+De+Poisson+Stra%C3%9Fburg&amp;hl=de&amp;gl=de&amp;ved=0CA0Q-gswAA&amp;sa=X&amp;ei=VoBQUYe9G4708APlwYHQAw&amp;sig2=NVadoIP5SgfRGu1h3dmddw\"><br \/>\n<\/a><\/td>\n<\/tr>\n<tr>\n<td>Antiquites<\/td>\n<td>1 Quai au Sable<\/td>\n<\/tr>\n<\/tbody>\n<\/table>\n<!-- index.php -->\n<div\n\tclass=\"ngg-galleryoverview ngg-ajax-pagination-none\"\n\tid=\"ngg-gallery-d9cbba2f05cb6228d72fca815b0f73e6-1\">\n\n    \t\t<!-- Thumbnails -->\n\t\t\t\t<div id=\"ngg-image-0\" class=\"ngg-gallery-thumbnail-box\" >\n\t\t\t\t        <div class=\"ngg-gallery-thumbnail\">\n            <a href=\"https:\/\/engel-wolf.com\/wp-content\/gallery\/strasbourg\/img_6992.jpg\"\n               title=\"\"\n               data-src=\"https:\/\/engel-wolf.com\/wp-content\/gallery\/strasbourg\/img_6992.jpg\"\n               data-thumbnail=\"https:\/\/engel-wolf.com\/wp-content\/gallery\/strasbourg\/thumbs\/thumbs_img_6992.jpg\"\n               data-image-id=\"291\"\n               data-title=\"Gare Central Strasbourg\"\n               data-description=\"\"\n               data-image-slug=\"gare-central-strasbourg\"\n               class=\"swipebox\">\n                <img\n                    title=\"Gare Central Strasbourg\"\n                    alt=\"Gare Central Strasbourg\"\n                    src=\"https:\/\/engel-wolf.com\/wp-content\/gallery\/strasbourg\/cache\/img_6992.jpg-nggid03291-ngg0dyn-830x830x100-00f0w010c010r110f110r010t010.jpg\"\n                    width=\"830\"\n                    height=\"623\"\n                    style=\"max-width:100%;\"\n                \/>\n            <\/a>\n        <\/div>\n\t\t\t\t\t\t\t<\/div> \n\t\t\t\n        \n\t\t\t\t<div id=\"ngg-image-1\" class=\"ngg-gallery-thumbnail-box\" >\n\t\t\t\t        <div class=\"ngg-gallery-thumbnail\">\n            <a href=\"https:\/\/engel-wolf.com\/wp-content\/gallery\/strasbourg\/img_6993.jpg\"\n               title=\"\"\n               data-src=\"https:\/\/engel-wolf.com\/wp-content\/gallery\/strasbourg\/img_6993.jpg\"\n               data-thumbnail=\"https:\/\/engel-wolf.com\/wp-content\/gallery\/strasbourg\/thumbs\/thumbs_img_6993.jpg\"\n               data-image-id=\"292\"\n               data-title=\"Palais Justice avec Saint Pierre Jeune\"\n               data-description=\"\"\n               data-image-slug=\"palais-justice-avec-saint-pierre-jeune\"\n               class=\"swipebox\">\n                <img\n                    title=\"Palais Justice avec Saint Pierre Jeune\"\n                    alt=\"Palais Justice avec Saint Pierre Jeune\"\n                    src=\"https:\/\/engel-wolf.com\/wp-content\/gallery\/strasbourg\/cache\/img_6993.jpg-nggid03292-ngg0dyn-830x830x100-00f0w010c010r110f110r010t010.jpg\"\n                    width=\"830\"\n                    height=\"623\"\n                    style=\"max-width:100%;\"\n                \/>\n            <\/a>\n        <\/div>\n\t\t\t\t\t\t\t<\/div> \n\t\t\t\n        \n\t\t\t\t<div id=\"ngg-image-2\" class=\"ngg-gallery-thumbnail-box\" >\n\t\t\t\t        <div class=\"ngg-gallery-thumbnail\">\n            <a href=\"https:\/\/engel-wolf.com\/wp-content\/gallery\/strasbourg\/img_7008.jpg\"\n               title=\"\"\n               data-src=\"https:\/\/engel-wolf.com\/wp-content\/gallery\/strasbourg\/img_7008.jpg\"\n               data-thumbnail=\"https:\/\/engel-wolf.com\/wp-content\/gallery\/strasbourg\/thumbs\/thumbs_img_7008.jpg\"\n               data-image-id=\"293\"\n               data-title=\"Altstadtansicht\"\n               data-description=\"\"\n               data-image-slug=\"altstadtansicht\"\n               class=\"swipebox\">\n                <img\n                    title=\"Altstadtansicht\"\n                    alt=\"Altstadtansicht\"\n                    src=\"https:\/\/engel-wolf.com\/wp-content\/gallery\/strasbourg\/cache\/img_7008.jpg-nggid03293-ngg0dyn-830x830x100-00f0w010c010r110f110r010t010.jpg\"\n                    width=\"830\"\n                    height=\"623\"\n                    style=\"max-width:100%;\"\n                \/>\n            <\/a>\n        <\/div>\n\t\t\t\t\t\t\t<\/div> \n\t\t\t\n        \n\t\t\t\t<div id=\"ngg-image-3\" class=\"ngg-gallery-thumbnail-box\" >\n\t\t\t\t        <div class=\"ngg-gallery-thumbnail\">\n            <a href=\"https:\/\/engel-wolf.com\/wp-content\/gallery\/strasbourg\/img_7027.jpg\"\n               title=\"\"\n               data-src=\"https:\/\/engel-wolf.com\/wp-content\/gallery\/strasbourg\/img_7027.jpg\"\n               data-thumbnail=\"https:\/\/engel-wolf.com\/wp-content\/gallery\/strasbourg\/thumbs\/thumbs_img_7027.jpg\"\n               data-image-id=\"294\"\n               data-title=\"Wehrturm in Strasbourg\"\n               data-description=\"\"\n               data-image-slug=\"wehrturm-in-strasbourg\"\n               class=\"swipebox\">\n                <img\n                    title=\"Wehrturm in Strasbourg\"\n                    alt=\"Wehrturm in Strasbourg\"\n                    src=\"https:\/\/engel-wolf.com\/wp-content\/gallery\/strasbourg\/cache\/img_7027.jpg-nggid03294-ngg0dyn-830x830x100-00f0w010c010r110f110r010t010.jpg\"\n                    width=\"623\"\n                    height=\"830\"\n                    style=\"max-width:100%;\"\n                \/>\n            <\/a>\n        <\/div>\n\t\t\t\t\t\t\t<\/div> \n\t\t\t\n        \n\t\t\t\t<div id=\"ngg-image-4\" class=\"ngg-gallery-thumbnail-box\" >\n\t\t\t\t        <div class=\"ngg-gallery-thumbnail\">\n            <a href=\"https:\/\/engel-wolf.com\/wp-content\/gallery\/strasbourg\/img_7032.jpg\"\n               title=\"\"\n               data-src=\"https:\/\/engel-wolf.com\/wp-content\/gallery\/strasbourg\/img_7032.jpg\"\n               data-thumbnail=\"https:\/\/engel-wolf.com\/wp-content\/gallery\/strasbourg\/thumbs\/thumbs_img_7032.jpg\"\n               data-image-id=\"295\"\n               data-title=\"Museum f moderne Kunst\"\n               data-description=\"\"\n               data-image-slug=\"museum-fur-moderne-kunst\"\n               class=\"swipebox\">\n                <img\n                    title=\"Museum f moderne Kunst\"\n                    alt=\"Museum f moderne Kunst\"\n                    src=\"https:\/\/engel-wolf.com\/wp-content\/gallery\/strasbourg\/cache\/img_7032.jpg-nggid03295-ngg0dyn-830x830x100-00f0w010c010r110f110r010t010.jpg\"\n                    width=\"830\"\n                    height=\"623\"\n                    style=\"max-width:100%;\"\n                \/>\n            <\/a>\n        <\/div>\n\t\t\t\t\t\t\t<\/div> \n\t\t\t\n        \n\t\t\t\t<div id=\"ngg-image-5\" class=\"ngg-gallery-thumbnail-box\" >\n\t\t\t\t        <div class=\"ngg-gallery-thumbnail\">\n            <a href=\"https:\/\/engel-wolf.com\/wp-content\/gallery\/strasbourg\/img_7033.jpg\"\n               title=\"\"\n               data-src=\"https:\/\/engel-wolf.com\/wp-content\/gallery\/strasbourg\/img_7033.jpg\"\n               data-thumbnail=\"https:\/\/engel-wolf.com\/wp-content\/gallery\/strasbourg\/thumbs\/thumbs_img_7033.jpg\"\n               data-image-id=\"296\"\n               data-title=\"Petite France\"\n               data-description=\"\"\n               data-image-slug=\"petite-france\"\n               class=\"swipebox\">\n                <img\n                    title=\"Petite France\"\n                    alt=\"Petite France\"\n                    src=\"https:\/\/engel-wolf.com\/wp-content\/gallery\/strasbourg\/cache\/img_7033.jpg-nggid03296-ngg0dyn-830x830x100-00f0w010c010r110f110r010t010.jpg\"\n                    width=\"830\"\n                    height=\"623\"\n                    style=\"max-width:100%;\"\n                \/>\n            <\/a>\n        <\/div>\n\t\t\t\t\t\t\t<\/div> \n\t\t\t\n        \n\t\t\t\t<div id=\"ngg-image-6\" class=\"ngg-gallery-thumbnail-box\" >\n\t\t\t\t        <div class=\"ngg-gallery-thumbnail\">\n            <a href=\"https:\/\/engel-wolf.com\/wp-content\/gallery\/strasbourg\/img_7065.jpg\"\n               title=\"\"\n               data-src=\"https:\/\/engel-wolf.com\/wp-content\/gallery\/strasbourg\/img_7065.jpg\"\n               data-thumbnail=\"https:\/\/engel-wolf.com\/wp-content\/gallery\/strasbourg\/thumbs\/thumbs_img_7065.jpg\"\n               data-image-id=\"297\"\n               data-title=\"Garage in Straurg\"\n               data-description=\"\"\n               data-image-slug=\"garage-in-strasburg\"\n               class=\"swipebox\">\n                <img\n                    title=\"Garage in Straurg\"\n                    alt=\"Garage in Straurg\"\n                    src=\"https:\/\/engel-wolf.com\/wp-content\/gallery\/strasbourg\/cache\/img_7065.jpg-nggid03297-ngg0dyn-830x830x100-00f0w010c010r110f110r010t010.jpg\"\n                    width=\"623\"\n                    height=\"830\"\n                    style=\"max-width:100%;\"\n                \/>\n            <\/a>\n        <\/div>\n\t\t\t\t\t\t\t<\/div> \n\t\t\t\n        \n\t\t\t\t<div id=\"ngg-image-7\" class=\"ngg-gallery-thumbnail-box\" >\n\t\t\t\t        <div class=\"ngg-gallery-thumbnail\">\n            <a href=\"https:\/\/engel-wolf.com\/wp-content\/gallery\/strasbourg\/img_7069.jpg\"\n               title=\"\"\n               data-src=\"https:\/\/engel-wolf.com\/wp-content\/gallery\/strasbourg\/img_7069.jpg\"\n               data-thumbnail=\"https:\/\/engel-wolf.com\/wp-content\/gallery\/strasbourg\/thumbs\/thumbs_img_7069.jpg\"\n               data-image-id=\"298\"\n               data-title=\"Place du marche\"\n               data-description=\"\"\n               data-image-slug=\"place-du-marche\"\n               class=\"swipebox\">\n                <img\n                    title=\"Place du marche\"\n                    alt=\"Place du marche\"\n                    src=\"https:\/\/engel-wolf.com\/wp-content\/gallery\/strasbourg\/cache\/img_7069.jpg-nggid03298-ngg0dyn-830x830x100-00f0w010c010r110f110r010t010.jpg\"\n                    width=\"830\"\n                    height=\"623\"\n                    style=\"max-width:100%;\"\n                \/>\n            <\/a>\n        <\/div>\n\t\t\t\t\t\t\t<\/div> \n\t\t\t\n        \n\t\t\t\t<div id=\"ngg-image-8\" class=\"ngg-gallery-thumbnail-box\" >\n\t\t\t\t        <div class=\"ngg-gallery-thumbnail\">\n            <a href=\"https:\/\/engel-wolf.com\/wp-content\/gallery\/strasbourg\/img_7076.jpg\"\n               title=\"\"\n               data-src=\"https:\/\/engel-wolf.com\/wp-content\/gallery\/strasbourg\/img_7076.jpg\"\n               data-thumbnail=\"https:\/\/engel-wolf.com\/wp-content\/gallery\/strasbourg\/thumbs\/thumbs_img_7076.jpg\"\n               data-image-id=\"299\"\n               data-title=\"Blumenladen Krutenau\"\n               data-description=\"\"\n               data-image-slug=\"blumenladen-krutenau\"\n               class=\"swipebox\">\n                <img\n                    title=\"Blumenladen Krutenau\"\n                    alt=\"Blumenladen Krutenau\"\n                    src=\"https:\/\/engel-wolf.com\/wp-content\/gallery\/strasbourg\/cache\/img_7076.jpg-nggid03299-ngg0dyn-830x830x100-00f0w010c010r110f110r010t010.jpg\"\n                    width=\"830\"\n                    height=\"623\"\n                    style=\"max-width:100%;\"\n                \/>\n            <\/a>\n        <\/div>\n\t\t\t\t\t\t\t<\/div> \n\t\t\t\n        \n\t\t\t\t<div id=\"ngg-image-9\" class=\"ngg-gallery-thumbnail-box\" >\n\t\t\t\t        <div class=\"ngg-gallery-thumbnail\">\n            <a href=\"https:\/\/engel-wolf.com\/wp-content\/gallery\/strasbourg\/img_7096.jpg\"\n               title=\"\"\n               data-src=\"https:\/\/engel-wolf.com\/wp-content\/gallery\/strasbourg\/img_7096.jpg\"\n               data-thumbnail=\"https:\/\/engel-wolf.com\/wp-content\/gallery\/strasbourg\/thumbs\/thumbs_img_7096.jpg\"\n               data-image-id=\"300\"\n               data-title=\"ein alter Peugot\"\n               data-description=\"\"\n               data-image-slug=\"ein-alter-peugot\"\n               class=\"swipebox\">\n                <img\n                    title=\"ein alter Peugot\"\n                    alt=\"ein alter Peugot\"\n                    src=\"https:\/\/engel-wolf.com\/wp-content\/gallery\/strasbourg\/cache\/img_7096.jpg-nggid03300-ngg0dyn-830x830x100-00f0w010c010r110f110r010t010.jpg\"\n                    width=\"830\"\n                    height=\"623\"\n                    style=\"max-width:100%;\"\n                \/>\n            <\/a>\n        <\/div>\n\t\t\t\t\t\t\t<\/div> \n\t\t\t\n        \n\t\t\t\t<div id=\"ngg-image-10\" class=\"ngg-gallery-thumbnail-box\" >\n\t\t\t\t        <div class=\"ngg-gallery-thumbnail\">\n            <a href=\"https:\/\/engel-wolf.com\/wp-content\/gallery\/strasbourg\/img_7098.jpg\"\n               title=\"\"\n               data-src=\"https:\/\/engel-wolf.com\/wp-content\/gallery\/strasbourg\/img_7098.jpg\"\n               data-thumbnail=\"https:\/\/engel-wolf.com\/wp-content\/gallery\/strasbourg\/thumbs\/thumbs_img_7098.jpg\"\n               data-image-id=\"301\"\n               data-title=\"Stadtansichten Krutenau\"\n               data-description=\"\"\n               data-image-slug=\"stadtansichten-krutenau\"\n               class=\"swipebox\">\n                <img\n                    title=\"Stadtansichten Krutenau\"\n                    alt=\"Stadtansichten Krutenau\"\n                    src=\"https:\/\/engel-wolf.com\/wp-content\/gallery\/strasbourg\/cache\/img_7098.jpg-nggid03301-ngg0dyn-830x830x100-00f0w010c010r110f110r010t010.jpg\"\n                    width=\"623\"\n                    height=\"830\"\n                    style=\"max-width:100%;\"\n                \/>\n            <\/a>\n        <\/div>\n\t\t\t\t\t\t\t<\/div> \n\t\t\t\n        \n\t\t\t\t<div id=\"ngg-image-11\" class=\"ngg-gallery-thumbnail-box\" >\n\t\t\t\t        <div class=\"ngg-gallery-thumbnail\">\n            <a href=\"https:\/\/engel-wolf.com\/wp-content\/gallery\/strasbourg\/img_7107.jpg\"\n               title=\"\"\n               data-src=\"https:\/\/engel-wolf.com\/wp-content\/gallery\/strasbourg\/img_7107.jpg\"\n               data-thumbnail=\"https:\/\/engel-wolf.com\/wp-content\/gallery\/strasbourg\/thumbs\/thumbs_img_7107.jpg\"\n               data-image-id=\"302\"\n               data-title=\"Brke bei Nacht Strasbourg\"\n               data-description=\"\"\n               data-image-slug=\"brucke-bei-nacht-strasbourg\"\n               class=\"swipebox\">\n                <img\n                    title=\"Brke bei Nacht Strasbourg\"\n                    alt=\"Brke bei Nacht Strasbourg\"\n                    src=\"https:\/\/engel-wolf.com\/wp-content\/gallery\/strasbourg\/cache\/img_7107.jpg-nggid03302-ngg0dyn-830x830x100-00f0w010c010r110f110r010t010.jpg\"\n                    width=\"830\"\n                    height=\"623\"\n                    style=\"max-width:100%;\"\n                \/>\n            <\/a>\n        <\/div>\n\t\t\t\t\t\t\t<\/div> \n\t\t\t\n        \n\t\t\t\t<div id=\"ngg-image-12\" class=\"ngg-gallery-thumbnail-box\" >\n\t\t\t\t        <div class=\"ngg-gallery-thumbnail\">\n            <a href=\"https:\/\/engel-wolf.com\/wp-content\/gallery\/strasbourg\/img_7110.jpg\"\n               title=\"\"\n               data-src=\"https:\/\/engel-wolf.com\/wp-content\/gallery\/strasbourg\/img_7110.jpg\"\n               data-thumbnail=\"https:\/\/engel-wolf.com\/wp-content\/gallery\/strasbourg\/thumbs\/thumbs_img_7110.jpg\"\n               data-image-id=\"303\"\n               data-title=\"Mairie de Strasbourg\"\n               data-description=\"\"\n               data-image-slug=\"mairie-de-strasbourg\"\n               class=\"swipebox\">\n                <img\n                    title=\"Mairie de Strasbourg\"\n                    alt=\"Mairie de Strasbourg\"\n                    src=\"https:\/\/engel-wolf.com\/wp-content\/gallery\/strasbourg\/cache\/img_7110.jpg-nggid03303-ngg0dyn-830x830x100-00f0w010c010r110f110r010t010.jpg\"\n                    width=\"830\"\n                    height=\"623\"\n                    style=\"max-width:100%;\"\n                \/>\n            <\/a>\n        <\/div>\n\t\t\t\t\t\t\t<\/div> \n\t\t\t\n        \n\t\t\t\t<div id=\"ngg-image-13\" class=\"ngg-gallery-thumbnail-box\" >\n\t\t\t\t        <div class=\"ngg-gallery-thumbnail\">\n            <a href=\"https:\/\/engel-wolf.com\/wp-content\/gallery\/strasbourg\/img_7115.jpg\"\n               title=\"\"\n               data-src=\"https:\/\/engel-wolf.com\/wp-content\/gallery\/strasbourg\/img_7115.jpg\"\n               data-thumbnail=\"https:\/\/engel-wolf.com\/wp-content\/gallery\/strasbourg\/thumbs\/thumbs_img_7115.jpg\"\n               data-image-id=\"304\"\n               data-title=\"Strasbourger Mster nachts\"\n               data-description=\"\"\n               data-image-slug=\"strasbourger-munster-nachts\"\n               class=\"swipebox\">\n                <img\n                    title=\"Strasbourger Mster nachts\"\n                    alt=\"Strasbourger Mster nachts\"\n                    src=\"https:\/\/engel-wolf.com\/wp-content\/gallery\/strasbourg\/cache\/img_7115.jpg-nggid03304-ngg0dyn-830x830x100-00f0w010c010r110f110r010t010.jpg\"\n                    width=\"830\"\n                    height=\"623\"\n                    style=\"max-width:100%;\"\n                \/>\n            <\/a>\n        <\/div>\n\t\t\t\t\t\t\t<\/div> \n\t\t\t\n        \n\t\t\n\t\t<div class=\"ngg-clear\"><\/div>\n\t<\/div>\n\n<p>&nbsp;<\/p>\n","protected":false},"excerpt":{"rendered":"<p>Jetzt war ich f\u00fcr eine Woche in der wundersch\u00f6nen Stadt Strasbourg im Elsass. Matthias wohnt dort um sein Studium zu vollenden und konnte mir dadurch ein Dach \u00fcber dem Kopf [&hellip;]<\/p>\n","protected":false},"author":1,"featured_media":864,"comment_status":"closed","ping_status":"closed","sticky":false,"template":"","format":"standard","meta":{"ngg_post_thumbnail":0,"footnotes":""},"categories":[1],"tags":[5,242,293,281,274,279,280],"_links":{"self":[{"href":"https:\/\/engel-wolf.com\/index.php?rest_route=\/wp\/v2\/posts\/834"}],"collection":[{"href":"https:\/\/engel-wolf.com\/index.php?rest_route=\/wp\/v2\/posts"}],"about":[{"href":"https:\/\/engel-wolf.com\/index.php?rest_route=\/wp\/v2\/types\/post"}],"author":[{"embeddable":true,"href":"https:\/\/engel-wolf.com\/index.php?rest_route=\/wp\/v2\/users\/1"}],"replies":[{"embeddable":true,"href":"https:\/\/engel-wolf.com\/index.php?rest_route=%2Fwp%2Fv2%2Fcomments&post=834"}],"version-history":[{"count":42,"href":"https:\/\/engel-wolf.com\/index.php?rest_route=\/wp\/v2\/posts\/834\/revisions"}],"predecessor-version":[{"id":3880,"href":"https:\/\/engel-wolf.com\/index.php?rest_route=\/wp\/v2\/posts\/834\/revisions\/3880"}],"wp:featuredmedia":[{"embeddable":true,"href":"https:\/\/engel-wolf.com\/index.php?rest_route=\/wp\/v2\/media\/864"}],"wp:attachment":[{"href":"https:\/\/engel-wolf.com\/index.php?rest_route=%2Fwp%2Fv2%2Fmedia&parent=834"}],"wp:term":[{"taxonomy":"category","embeddable":true,"href":"https:\/\/engel-wolf.com\/index.php?rest_route=%2Fwp%2Fv2%2Fcategories&post=834"},{"taxonomy":"post_tag","embeddable":true,"href":"https:\/\/engel-wolf.com\/index.php?rest_route=%2Fwp%2Fv2%2Ftags&post=834"}],"curies":[{"name":"wp","href":"https:\/\/api.w.org\/{rel}","templated":true}]}}