{"id":60,"date":"2012-01-30T22:35:34","date_gmt":"2012-01-30T20:35:34","guid":{"rendered":"http:\/\/engel-wolf.com\/?p=60"},"modified":"2019-10-26T23:11:55","modified_gmt":"2019-10-26T21:11:55","slug":"zurich-basel-colmar","status":"publish","type":"post","link":"https:\/\/engel-wolf.com\/?p=60","title":{"rendered":"Z\u00fcrich, Basel, Colmar"},"content":{"rendered":"<div style=\"float: left; margin-right: 10px;\">\n<p><a class=\"highslide\" onclick=\"return hs.expand(this, { slideshowGroup: 'zurich_x' })\" href=\"images\/photos\/2012_zurich\/zurich_hq_004.jpg\" rel=\"highslide\" class=\"highslide\"><img decoding=\"async\" src=\"images\/photos\/2012_zurich\/zurich_lq_004.jpg\" alt=\"highslide\" width=\"140\" border=\"0\" \/><\/a><a class=\"highslide\" onclick=\"return hs.expand(this, { slideshowGroup: 'zurich_x' })\" href=\"images\/photos\/2012_zurich\/zurich_hq_010.jpg\" rel=\"highslide\" class=\"highslide\"><img decoding=\"async\" style=\"margin-left: 15px;\" src=\"images\/photos\/2012_zurich\/zurich_lq_010.jpg\" alt=\"highslide\" width=\"140\" border=\"0\" \/><\/a><a class=\"highslide\" onclick=\"return hs.expand(this, { slideshowGroup: 'zurich_x' })\" href=\"images\/photos\/2012_zurich\/zurich_hq_009.jpg\" rel=\"highslide\" class=\"highslide\"><img decoding=\"async\" style=\"margin-left: 15px;\" src=\"images\/photos\/2012_zurich\/zurich_lq_009.jpg\" alt=\"highslide\" width=\"140\" border=\"0\" \/><\/p>\n<p><\/a><a style=\"font-size: 10px;\">Fraum\u00fcnster &#8211; Haus Konstruktiv- Blick auf&#8217;s Rathaus<\/a><\/p>\n<p><a class=\"highslide\" onclick=\"return hs.expand(this, { slideshowGroup: 'zurich_x' })\" href=\"images\/photos\/2012_zurich\/zurich_hq_006.jpg\" rel=\"highslide\" class=\"highslide\"><img decoding=\"async\" src=\"images\/photos\/2012_zurich\/zurich_lq_006.jpg\" alt=\"highslide\" width=\"140\" border=\"0\" \/><\/a><a class=\"highslide\" onclick=\"return hs.expand(this, { slideshowGroup: 'zurich_x' })\" href=\"images\/photos\/2012_zurich\/zurich_hq_013.jpg\" rel=\"highslide\" class=\"highslide\"><img decoding=\"async\" style=\"margin-left: 15px;\" src=\"images\/photos\/2012_zurich\/zurich_lq_013.jpg\" alt=\"highslide\" width=\"140\" border=\"0\" \/><\/a><a class=\"highslide\" onclick=\"return hs.expand(this, { slideshowGroup: 'zurich_x' })\" href=\"images\/photos\/2012_zurich\/zurich_hq_015.jpg\" rel=\"highslide\" class=\"highslide\"><img decoding=\"async\" style=\"margin-left: 15px;\" src=\"images\/photos\/2012_zurich\/zurich_lq_015.jpg\" alt=\"highslide\" width=\"140\" border=\"0\" \/><\/a><\/p>\n<p><a style=\"font-size: 10px;\">Helmhaus &#8211; Reisef\u00fchrer &#8211; Schweizter Nationalmuseum<\/a><\/p>\n<p><a class=\"highslide\" onclick=\"return hs.expand(this, { slideshowGroup: 'zurich_x' })\" href=\"images\/photos\/2012_zurich\/zurich_hq_042.jpg\" rel=\"highslide\" class=\"highslide\"><img decoding=\"async\" src=\"images\/photos\/2012_zurich\/zurich_lq_042.jpg\" alt=\"highslide\" width=\"140\" border=\"0\" \/><\/a><a class=\"highslide\" onclick=\"return hs.expand(this, { slideshowGroup: 'zurich_x' })\" href=\"images\/photos\/2012_zurich\/zurich_hq_045.jpg\" rel=\"highslide\" class=\"highslide\"><img decoding=\"async\" style=\"margin-left: 15px;\" src=\"images\/photos\/2012_zurich\/zurich_lq_045.jpg\" alt=\"highslide\" width=\"140\" border=\"0\" \/><\/a><a class=\"highslide\" onclick=\"return hs.expand(this, { slideshowGroup: 'zurich_x' })\" href=\"images\/photos\/2012_zurich\/zurich_hq_058.jpg\" rel=\"highslide\" class=\"highslide\"><img decoding=\"async\" style=\"margin-left: 15px;\" src=\"images\/photos\/2012_zurich\/zurich_lq_058.jpg\" alt=\"highslide\" width=\"140\" border=\"0\" \/><\/a><\/p>\n<p><a style=\"font-size: 10px;\">Pinguinparade 1 +2 &#8211; Schuhschnabelvogel<\/a><\/p>\n<p><a class=\"highslide\" onclick=\"return hs.expand(this, { slideshowGroup: 'zurich_x' })\" href=\"images\/photos\/2012_zurich\/zurich_hq_067.jpg\" rel=\"highslide\" class=\"highslide\"><img decoding=\"async\" src=\"images\/photos\/2012_zurich\/zurich_lq_067.jpg\" alt=\"highslide\" width=\"140\" border=\"0\" \/><\/a><a class=\"highslide\" onclick=\"return hs.expand(this, { slideshowGroup: 'zurich_x' })\" href=\"images\/photos\/2012_zurich\/zurich_hq_074.jpg\" rel=\"highslide\" class=\"highslide\"><img decoding=\"async\" style=\"margin-left: 15px;\" src=\"images\/photos\/2012_zurich\/zurich_lq_074.jpg\" alt=\"highslide\" width=\"140\" border=\"0\" \/><\/a><\/p>\n<p><a style=\"font-size: 10px;\">Winter auf der Bahnstrecke &#8211; WEEK<\/a><\/p>\n<p><a class=\"highslide\" onclick=\"return hs.expand(this, { slideshowGroup: 'zurich_x' })\" href=\"images\/photos\/2012_zurich\/zurich_hq_103.jpg\" rel=\"highslide\" class=\"highslide\"><img decoding=\"async\" src=\"images\/photos\/2012_zurich\/zurich_lq_103.jpg\" alt=\"highslide\" width=\"140\" border=\"0\" \/><\/a><a class=\"highslide\" onclick=\"return hs.expand(this, { slideshowGroup: 'zurich_x' })\" href=\"images\/photos\/2012_zurich\/zurich_hq_111.jpg\" rel=\"highslide\" class=\"highslide\"><img decoding=\"async\" style=\"margin-left: 15px;\" src=\"images\/photos\/2012_zurich\/zurich_lq_111.jpg\" alt=\"highslide\" width=\"140\" border=\"0\" \/><\/a><a class=\"highslide\" onclick=\"return hs.expand(this, { slideshowGroup: 'zurich_x' })\" href=\"images\/photos\/2012_zurich\/zurich_hq_087.jpg\" rel=\"highslide\" class=\"highslide\"><img decoding=\"async\" style=\"margin-left: 15px;\" src=\"images\/photos\/2012_zurich\/zurich_lq_087.jpg\" alt=\"highslide\" width=\"140\" border=\"0\" \/><\/a><\/p>\n<p><a style=\"font-size: 10px;\">Blick auf Basel mit M\u00fcnster &#8211; Colmar &#8211; Blick auf andere Basler Rheinseite<\/a><\/p>\n<\/div>\n<div>\n<p>Wenn man den ganzen Winter in Bordeaux verbringt, sehnt man sich doch ein wenig nach Schnee. Um diesen zu sehen, begab ich mich in die Ostschweiz und zwar nach Z\u00fcrich um dort Annett zu besuchen. Ein umfangreiches Programm stand die Woche \u00fcber an und wollte ausgef\u00fcllt sein. Kleine Vorbemerkung: Ich habe meine Reisef\u00fchrer f\u00fcr den Trip erst in Z\u00fcrich selbst gekauft, einige k\u00f6nnte man sich allerdings auch selbst vorher besorgen. Ein ganz besonderer Reisef\u00fchrer ist allerdings der <a href=\"http:\/\/www.kreislauf4und5.ch\/\">Kreislauf 4+5<\/a>, welchen es nur in den Buchhandlungen Z\u00fcrichs f\u00fcr 9,50 CHF zu kaufen gibt.<\/p>\n<p>Am ersten Tag nach meiner Ankunft besch\u00e4ftigte ich mich damit, einige Besorgungen zu machen. Reisef\u00fchrer kaufen, Rivella en masse besorgen, im Fermo Market Gem\u00fcse und Obst einkaufen und im Globus einige Bio-Produkte f\u00fcr ein gutes Mittagessen einkaufen. Weiterhin kaufte ich die <a href=\"http:\/\/www.zuerich.com\/de\/Besucher\/Information\/zuerich-card.html\">Z\u00fcrich CARD<\/a>. Mit dieser kann man 24 oder 72 Stunden lang das gesamte \u00f6ffentliche Nahverkehrssystem nutzen und hat zus\u00e4tlich freien Eintritt in fast alle Museen der Stadt, was man an den nachfolgenden Berichten bemerken wird. Nachdem ich bei all meinen Eink\u00e4ufen die Z\u00fcricher Innenstadt ein wenig betrachten und kennen lernen konnte, ging der Abend mit einigen &#8220;Insidern&#8221; zu Ende. Zuerst gab&#8217; es im Sternengrill eine leckere Wurst mit Pommes, danach im Rosalys die Cheap Monday Cocktails.<\/p>\n<p>Der <strong>Dienstag<\/strong> begann f\u00fcr mich mit einer Ausstellung im <a href=\"http:\/\/www.stadt-zuerich.ch\/kultur\/de\/index\/institutionen\/helmhaus.html\">Helmhaus<\/a> von Marc-Antoine Fehr und Andrea Heller. Die beiden pr\u00e4sentierten vollkommen unterschiedliche Kunst. Die Ausstellung des hier erstgenannten K\u00fcnstlers umfasste gro\u00dfe \u00d6lgem\u00e4lde, mit Motiven, die von einer traurigen Clownpuppe \u00fcber Schiffe zu einem Atelier mit vielen Puppen und surrealen Objekten reichten. Hierbei faszinierten die Ausstellungsr\u00e4ume, weil sie komplett in wei\u00df gehalten waren, inklusive des Bodens, dessen wei\u00dfes PVC die Bilder reflektierte. Im OG fand sich dann die Reihe unendliche Landschaften, welche in einem ovalen Raum in 10 Reihen angebracht waren, so dass man im Kreis laufend 10 Landschaften auf Gouchen gemalt erleben konnte. Andrea Heller pr\u00e4sentierte hingegen sehr abstrakte Kunst, die jeder gern f\u00fcr sich kennen lernen kann und welche ich hier nicht weiter ausf\u00fchren werde.<\/p>\n<p>Nach einem kurzen Shoppingaufenthalt bei H&amp;M und Zara stand das <a href=\"http:\/\/www.hauskonstruktiv.ch\/\">Haus Konstruktiv<\/a> auf dem Plan. Die hier gezeigte Ausstellung von Nelly Rudin konnte mich leider nur wenig beeindrucken. Die gro\u00dfen Plastikelemente, die hier gezeigt wurden, waren sowohl in ihrer Farbgebung, als auch in ihrer Form weniger interessant. Eher konnten mich dann schon die Glasbausteine mit kleinen Farbelementen begeistern, welche als Prismen unglaublich interessante optische T\u00e4uschungen ergaben. In der letzen Etage ist au\u00dferdem noch der Rockefeller Dining Room von Fritz Glarner zu sehen. Im kubistischen Stil der einen stark an Mondrian erinnert, wurde ein gesamter Speisesaal f\u00fcr diese ultrareiche amerikanische Familie gestaltet. Sowohl W\u00e4nde als auch Decken wurden daf\u00fcr vom K\u00fcnstler bemalt und teilweise als Einzelelemente im Raum angebracht. Danach begaben wir uns gemeinsam in die N\u00e4he der Langstra\u00dfe, um im <a href=\"http:\/\/www.cafe-casablanca.ch\/joomla\/\">Casablanca<\/a> einen Caf\u00e9 zu trinken, im Freitag Reference Store die neue Kollektion zu bewundern und in vielen kleinen L\u00e4den im Kreis 5 zu st\u00f6bern. Der Abend endete sehr ruhig im <a href=\"http:\/\/www.spheres.cc\/\">Spheres<\/a>. Dieses Lesecaf\u00e9 findet man auch im Phaidon Guide. Es ist ein ruhiger Ort, der sich dank des &#8220;Fragenbuches&#8221; zu einem spannenden Platz f\u00fcr uns entwickelte. Man sollte nur nicht zu lange zu zweit darin bl\u00e4ttern, sonst k\u00f6nnte man sich wie ein altes Ehepaar f\u00fchlen.<\/p>\n<p>Mein <strong>Mittwoch<br \/>\n<\/strong> begann mit dem <a href=\"http:\/\/www.musee-suisse.ch\/d\/index.php\">Schweizer Nationalmuseum<\/a>. Neben Sonderausstellungen besah ich hier insbesondere die M\u00fcnzsammlung, die Geschichte der Schweiz und die sehr interessante M\u00f6belsammlung. Das Museum gefiel mir aufgrund des Sparens mit Text und der gem\u00fctlichen Sitzecken, in denen man sich \u00fcber Computer oder B\u00fccher selbst weiteres Wissen aneignen konnte. Die Geschichte der Schweiz erkl\u00e4rt zu allererst die Wichigkeit von Einwanderen in diesem Land, z.B. Nestl\u00e9 oder Calvin. Die M\u00f6belsammlung zeigt gleichzeitig moderne Ideen aus Schweizer Werkst\u00e4tten mit Stuben aus der Renaissance. Dies verschafft eine gute Abwechslung und gibt einen Gesamteindruck von dem, wof\u00fcr die Schweiz steht. Die Fotoausstellung &#8220;C&#8217;est la vie&#8221; l\u00e4uft nicht mehr so lang und ist f\u00fcr Schweizer sehr spannend, da Pressefotos zu wichtigen Ereignissen aus den letzten 40 Jahren gezeigt werden, welche die neueste Geschichte der Eidgenossenschaft illustrieren.<\/p>\n<p>Im <a href=\"http:\/\/www.cafe-noir.ch\/\">Caf\u00e9 Noir<\/a> kann man dort selbst ger\u00f6steten und gemalene Spezialit\u00e4ten genie\u00dfen. Es liegt nur ca. 7 min Laufweg vom Museum entfernt in direkt im Szenebereich des Kreises 4. Das Caf\u00e9 eignete sich hervorragend um den Bericht f\u00fcr mein Museumstagebuch zu schreiben. Darauffolgend begab ich mich zusammen mit Annett ins Kunsthaus Z\u00fcrich. Das <a href=\"www.kunsthaus.ch\">Kunsthaus<\/a> ist ein gro\u00dfartiges Kunstmuseum mit gut aufgeteilten und gestalten R\u00e4umen. Wir beschr\u00e4nkten uns hier auf die Kunst des 19. und 20. Jahrhunderts. Mich beeindruckte vor allem die Auswahl an K\u00fcnstlern, die einem hier geboten wird. Jeder K\u00fcnstler der neueren Geschichte ist mit mindestens einem Werk vertreten. Besonderen Wert legt die Ausstellung auf Picasso und Miro. Letzteren mag ich sehr, weswegen ich hocherfreut \u00fcber die gro\u00dfe Auswahl an Werken von ihm war. Die Werke aus den verschiedenen Schaffensperioden von Munch und Monet lie\u00dfen einen diese auch neben dem Schrei oder Wasserlilien erfahren und gaben mir einen vollkommen neuen Blick auf beide K\u00fcnstler. Die Kuratoren haben sich bei der Anordnung der Werke hier besondere M\u00fche gegeben und ein gutes Gesp\u00fcr f\u00fcr Zusammenh\u00e4nge und \u00c4hnlichkeiten bewiesen. Vollkommen weg vom Thema endete dieser Abend mit einem Pouletschnitzel und fr\u00fchem ins Bett gehen.<\/p>\n<p>Am <strong>Donnerstag<\/strong> begab ich mich zuerst in die <a href=\"http:\/\/www.zm.uzh.ch\/\">zoologische Sammlung der Uni Z\u00fcrich<\/a>. Hier kann man eine Unmenge an Pr\u00e4peraten diverser Tierarten aus der ganzen Welt bestaunen. Klar, dass mich hierbei die V\u00f6gel anlockten, um meine ornithologischen Kenntnisse wieder einmal zu testen. Aber auch einige Pr\u00e4sentationen der Tiere, die in Z\u00fcrich leben, und wie sie sich in Z\u00fcrich verhalten, waren interessant. Das Museum ist sehr modern gestaltet und f\u00fcr jede Altersgruppe sehr gut zu erleben. Der Rest des Tages hielt sich eher in den Shops der Stadt auf. Nachdem wir im Freitag Tower die gr\u00f6\u00dfte Auswahl an Freitag Produkten ever bewundert hatten, zog es uns zum <a href=\"http:\/\/www.im-viadukt.ch\/\">Viadukt<\/a>, wo ich mir prompt eine neue Fahrradklingel kaufte, die mit ihrem Messing einen enorm langanhaltenden Klang hat. Weiterhin checkten wir kurz das alternative Restaurant\/Bar &#8220;Les Halles&#8221; aus, welches auf jeden Fall auf einer Z\u00fcrich Tour dabei sein sollte. Direkt daneben befindet sich der Schiffbau, in dessen Bauch ein Theater und eine Menge interessanter Architektur stecken.<\/p>\n<p>Am Abend genossen wir eine spannende Arbeitsaufgabe im Labor von Annett. Nachdem die Aufgabe erf\u00fcllt war g\u00f6nnten wir uns einen Wein (St Emilion aus Bordeaux mitgebracht), K\u00e4se und Weintrauben im Labor. Danach gingen wir wieder ins Spheres um dieses Mal das Fragenbuch zu dritt zu er\u00f6rtern. Auf jeden Fall ein sehr sch\u00f6ner Abend in dieser doch so verregneten Stadt.<\/p>\n<p>Der Zoo Z\u00fcrich lud uns am <strong>Freitag <\/strong>ein. Hier begeisterten wir uns besonders f\u00fcr die <a href=\"http:\/\/www.zoo.ch\/xml_1\/internet\/de\/application\/d2\/d35\/d1597\/f43.cfm\">Pinguinparade.<\/a> Hierbei laufen die Kaiserpinguine &#8220;getrieben&#8221; von Kindern einige hundert Meter durch den Zoo, wobei man sie beinahe hautnah erleben kann. Anmerken kann man im Z\u00fcricher Zoo auch die gro\u00dfz\u00fcgig gestaltete Tropenhalle, in welcher man herrvorragend speisen kann. Die Zwergnilpferde sind in Kombination mit dem Todesvogel auch sehr interessant. Der Todesvogel war f\u00fcr uns der Schuhschnabel, welcher den ganzen Tag b\u00f6se drein blickend in seinem Gehege steht und kaum den Kopf bewegt.<\/p>\n<p>Am Abend g\u00f6nnten wir uns einen Vortrag der <a href=\"http:\/\/www.psychanalyse.ch\/\">Schweizerischen Gesellschaft f\u00fcr Psychoanalyse<\/a>, die Dr Thomas Hartung und Dr Michael Steinbrecher zu einer anregenden Pr\u00e4sentation \u00fcber &#8220;Sex und Narzismus&#8221; geladen hatte. Anhand eines Fallbeispiels versuchten die beiden Wissenschaftler die Psychoanalyse eines Patienten mit einem narzistischen Modell zu verbinden. W\u00e4hrend die Theorie sehr trocken war, bot das Fallbeispiel einigen Diskussionsstoff. Noch mehr Diskussionstoff brachte uns danach die Diskussion \u00fcber die Interprettation des Falls durch die beiden Psychologen, welche doch einige L\u00fccken und Fragen aufwarf. Die Diskussion wurde im &#8220;<a href=\"http:\/\/www.ellokal.ch\/\">El lokal<\/a>&#8221; gef\u00fchrt. Dieser Piratenschuppen ist in einem echten Schuppen untergebracht und es ist ein wenig schwierig an einem Freitagabend dort noch einen Platz zu finden. Die Einrichtung ist rustikal jedoch ihr ist eine lange Planung und viel Liebe f\u00fcr&#8217;s Detail anzusehen. Das Lokal erstreckt sich \u00fcber zwei Etagen und ist nicht etwa als kleine Hafenbar zu verstehen. Hierbei muss man gesondert bemerken, dass im ZVV 5 CHF Nachtzuschlag anfallen, die durchaus kein kleiner Betrag sind, nur weil man nach ein Uhr den \u00d6PNV benutzt.<\/p>\n<p>F\u00fcr den <strong>Samstag <\/strong>hatten wir rechtzeitig Sparbilette der SBB gebucht, um mit dem Zug nach Basel zu fahren. In Basel machten wir zuerst einen kleinen Stadtrundgang. In der Elisabethkirche begannen wir diesen. Fortgesetzt wurde er am Fasnachtsbrunnen von Tin Guely wonach es direkt ins <a href=\"http:\/\/www.sam-basel.org\/home.html\">Schweizer Architekturmuseum<\/a> ging. Im Museum gab es eine Ausstelllung \u00fcber zionistische Architektur zu sehen. Das Wort Brutalismus zeigte sich hierbei als besonders einpr\u00e4gsam. Es beschreibt eine Art Architektur, bei der massive Betonkl\u00f6tzer entstehen, die eher wie fensterlose Bunker wirken, als Geb\u00e4ude darzustellen. Im oberen Geschoss des Museums gab es von einem t\u00fcrkischen K\u00fcnstler das Werk Week zu sehen. Ein Lautsprecher, der in einem wei\u00dfen Raum die Wochentage auf Englisch lautstark von sich gab. Ein Projekt, dass viele Gespr\u00e4che ausl\u00f6ste, obwohl wir am Anfang wenig damit anzufangen wussten.<\/p>\n<p>Der Rest des Tages beschr\u00e4nkte sich dann eher auf das Angucken von tollen Lebensmitteln. Vorerst betrachteten wir noch das rote Basler Rathaus von allen Seiten. Danach jedoch begannen wir im <a href=\"http:\/\/www.globus.ch\/de\/ueber-globus\/standorte\/basel.html\">Globus <\/a>die gro\u00dfartige Auswahl zu bestaunen. Weine, K\u00e4se, Traiterie, Limonaden, Schokolade und tausend weitere Produkte faszinierten uns. Um sich dann auch noch ein Produkt leisten zu k\u00f6nnen, begaben wir uns in die 3M Migros direkt in der Innenstadt. Ich probierte den neuesten Rivella Energy, der wenig nach Rivella schmeckt und mir deshalb nicht so gefiel.<\/p>\n<p>\u00dcber das Basler M\u00fcnster und dessen wundersch\u00f6nen Kreuzgang gelangten wir auf die andere Rheinseite. In einem Tr\u00f6delladen konnte Annett kosteng\u00fcnstig eine wunderbare wei\u00dfe Freitaglaptoptasche in der richtigen Gr\u00f6\u00dfe f\u00fcr ihr neues Ger\u00e4t erwerben. Weiter ging die Shoppingreise im deutschen L\u00f6rrach. Hier konnten wir bei dm tausend sch\u00f6ne Sachen bekommen, die es in der Schweiz oder Frankreich nicht gibt. Genau so verhielt es sich auch mit der deutschen Migros (hier war einiges einfach nur viel billiger) oder mit einem D\u00f6nerladen. Sch\u00f6n &#8216;mal wieder in Deutschland gewesen zu sein. Back in Suisse wollten wir dann in die Bar Rouge auf dem Messeturm, bekamen hier allerdings keinen Sitzplatz mehr, weshalb wir auf das fumeuretnonfumeur in der N\u00e4he des Marktplatzes auswichen. Hier war der Kaffee aber auch sehr sehr lecker.<\/p>\n<p>F\u00fcr die beiden M\u00e4dels ging es zur\u00fcck nach Z\u00fcrich, f\u00fcr mich weiter nach Bad Krozingen. Hier angekommen wurde ich von Martin und Vanessa in Empfang genommen und wir fuhren nach St. Ulrich um ein echtes deutsches Abendessen im <a href=\"http:\/\/www.gasthausroessle.de\/\">R\u00f6ssle<\/a> zu genie\u00dfen. Ich hatte Rindfleisch mit Meerettichso\u00dfe und Prei\u00dfelbeeren. Ein Zwetschgensorbet zum Nachtisch rundete das ganze wunderbar ab. Um noch ein paar Drinks zu nehmen fuhren wir danach nach Freiburg in die CooCoo-Bar, die vielleicht wegen ihres Stammgastes Jogi L\u00f6w bekannt ist und auch in diesem Blog schon einmal auftauchte.<\/p>\n<p><strong>Sonntag<\/strong>, f\u00fcr mich heute, der Tag an dem ich das hier schreibe. Am Sonntag begann es mit Elendstourismus im Geotermie geplagten Staufen. Der Ort ist bekannt als Sitz eines der \u00e4ltesten Adelsgeschlechter Deutschlands und kann mit wundersch\u00f6nen Bauten in der Innenstadt gl\u00e4nzen. Leider sind diese durch eine Geotermiebohrung so stark in Mitleidenschaft gezogen, dass einige nicht mehr bewohnbar sind oder rohen in sich zusammen zu st\u00fcrzen. In Bad Krozingen nahmen wir dann unser Fr\u00fchst\u00fcck bei Kaisers Backstube ein. Diese Idee haben an einem Sonntag morgen sehr viele Menschen. Jedoch ist das Ambiente sehr angenehm und deutsche Backwaren ja sehr lecker.<\/p>\n<p>Das Mittagessen hat Martin spannend, fulminant und gro\u00dfartigst organisiert. Superlativ ist in diesem Fall sogar untertrieben. Er konnte uns zu einem speziellen Festpreis ein drei Sterne Michelin Restaurant in Illhaeusern buchen, die &#8220;<a href=\"http:\/\/www.auberge-de-l-ill.com\/V2\/index.html\">L&#8217;Auberge de l&#8217;ill<\/a>&#8220;. Unglaublich viele Kellner schwirrten um uns herum un begl\u00fcckten uns nicht nur mit dem fantastischen Essen, sondern mit excellentem Service. Das Essen bestand aus f\u00fcnf G\u00e4ngen + zwei Begr\u00fc\u00dfungen + Caf\u00e9 mit riesiger Schokoladenauswahl. Au\u00dferdem konnte man w\u00e4hrend des Essens noch zwei St\u00f6rche und die sch\u00f6nen Winteransichten rund um das Restaurant genie\u00dfen. Ein kr\u00f6nender Abschluss dieser Reise.<\/p>\n<p>Zu einem kurzen Verdauungsspaziergang fuhren wir in den h\u00fcbschen Ort Colmar. Er hat unglaublich viele kleine Fachwerkh\u00e4user zu bieten, die einen in den Bann ziehen. Colmar ist ein sehr romantisches Fleckchen im Alsass. Der kleine Fluss, der die Innenstadt durchzieht, produziert wunderbare Ansichten und Terassen, die im Sommer sicher zum Verweilen einladen. Und soweit auch schon die Reise. Ich bin in diesem Moment ja schon wieder wohlbehalten in Bordeaux angekommen.<\/p>\n<p><em>English report will follow!<\/em><\/p>\n<\/div>\n","protected":false},"excerpt":{"rendered":"<p>Fraum\u00fcnster &#8211; Haus Konstruktiv- Blick auf&#8217;s Rathaus Helmhaus &#8211; Reisef\u00fchrer &#8211; Schweizter Nationalmuseum Pinguinparade 1 +2 &#8211; Schuhschnabelvogel Winter auf der Bahnstrecke &#8211; WEEK Blick auf Basel mit M\u00fcnster &#8211; [&hellip;]<\/p>\n","protected":false},"author":1,"featured_media":0,"comment_status":"closed","ping_status":"closed","sticky":false,"template":"","format":"standard","meta":{"ngg_post_thumbnail":0,"footnotes":""},"categories":[1],"tags":[6,8,20,25,293,28,38,39],"_links":{"self":[{"href":"https:\/\/engel-wolf.com\/index.php?rest_route=\/wp\/v2\/posts\/60"}],"collection":[{"href":"https:\/\/engel-wolf.com\/index.php?rest_route=\/wp\/v2\/posts"}],"about":[{"href":"https:\/\/engel-wolf.com\/index.php?rest_route=\/wp\/v2\/types\/post"}],"author":[{"embeddable":true,"href":"https:\/\/engel-wolf.com\/index.php?rest_route=\/wp\/v2\/users\/1"}],"replies":[{"embeddable":true,"href":"https:\/\/engel-wolf.com\/index.php?rest_route=%2Fwp%2Fv2%2Fcomments&post=60"}],"version-history":[{"count":3,"href":"https:\/\/engel-wolf.com\/index.php?rest_route=\/wp\/v2\/posts\/60\/revisions"}],"predecessor-version":[{"id":1045,"href":"https:\/\/engel-wolf.com\/index.php?rest_route=\/wp\/v2\/posts\/60\/revisions\/1045"}],"wp:attachment":[{"href":"https:\/\/engel-wolf.com\/index.php?rest_route=%2Fwp%2Fv2%2Fmedia&parent=60"}],"wp:term":[{"taxonomy":"category","embeddable":true,"href":"https:\/\/engel-wolf.com\/index.php?rest_route=%2Fwp%2Fv2%2Fcategories&post=60"},{"taxonomy":"post_tag","embeddable":true,"href":"https:\/\/engel-wolf.com\/index.php?rest_route=%2Fwp%2Fv2%2Ftags&post=60"}],"curies":[{"name":"wp","href":"https:\/\/api.w.org\/{rel}","templated":true}]}}